{"id":690,"date":"2022-01-09T18:52:30","date_gmt":"2022-01-09T18:52:30","guid":{"rendered":"http:\/\/escuadratarquitectura.com\/?p=690"},"modified":"2022-01-09T18:52:31","modified_gmt":"2022-01-09T18:52:31","slug":"35-vivienda-unifamiliar-280-m2-santa-susana-alvear","status":"publish","type":"post","link":"https:\/\/escuadratarquitectura.com\/index.php\/2022\/01\/09\/35-vivienda-unifamiliar-280-m2-santa-susana-alvear\/","title":{"rendered":"35 &#8211; VIVIENDA UNIFAMILIAR 280 m2 \/ Santa Susana (Alvear)"},"content":{"rendered":"\n<p>Vivienda unifamiliar que se dise\u00f1a para construirse por etapas.<\/p>\n\n\n\n<p>En la primera etapa se realiza la cochera doble a la que se podr\u00e1 agregar un entrepiso para un eventual taller. Anexado a la cochera se construye una amplia galer\u00eda con ba\u00f1o completo para la pileta de fibra de vidrio que colocamos con el fin de que se pueda disfrutar en el verano.<\/p>\n\n\n\n<p>La segunda etapa adiciona a lo mencionada la parte social de la vivienda: Cocina, Comedor, Estar, Lavadero, Ba\u00f1o y un estudio que podr\u00e1 ser utilizado provisoriamente de dormitorio.<\/p>\n\n\n\n<p>La ultima etapa son los 2 dormitorios y el ba\u00f1o del sector privado de la vivienda.<\/p>\n\n\n\n<figure class=\"wp-block-gallery columns-3 is-cropped wp-block-gallery-1 is-layout-flex wp-block-gallery-is-layout-flex\"><ul class=\"blocks-gallery-grid\"><li class=\"blocks-gallery-item\"><figure><img loading=\"lazy\" decoding=\"async\" width=\"1024\" height=\"319\" src=\"http:\/\/escuadratarquitectura.com\/wp-content\/uploads\/2022\/01\/1-b-1024x319.jpg\" alt=\"\" data-id=\"692\" data-full-url=\"http:\/\/escuadratarquitectura.com\/wp-content\/uploads\/2022\/01\/1-b-scaled.jpg\" data-link=\"http:\/\/escuadratarquitectura.com\/?attachment_id=692\" class=\"wp-image-692\" srcset=\"https:\/\/escuadratarquitectura.com\/wp-content\/uploads\/2022\/01\/1-b-1024x319.jpg 1024w, https:\/\/escuadratarquitectura.com\/wp-content\/uploads\/2022\/01\/1-b-300x94.jpg 300w, https:\/\/escuadratarquitectura.com\/wp-content\/uploads\/2022\/01\/1-b-768x240.jpg 768w, https:\/\/escuadratarquitectura.com\/wp-content\/uploads\/2022\/01\/1-b-1536x479.jpg 1536w, https:\/\/escuadratarquitectura.com\/wp-content\/uploads\/2022\/01\/1-b-2048x639.jpg 2048w\" sizes=\"(max-width: 1024px) 100vw, 1024px\" \/><\/figure><\/li><li class=\"blocks-gallery-item\"><figure><img loading=\"lazy\" decoding=\"async\" width=\"1024\" height=\"337\" src=\"http:\/\/escuadratarquitectura.com\/wp-content\/uploads\/2022\/01\/2-b-1024x337.jpg\" alt=\"\" data-id=\"693\" data-full-url=\"http:\/\/escuadratarquitectura.com\/wp-content\/uploads\/2022\/01\/2-b-scaled.jpg\" data-link=\"http:\/\/escuadratarquitectura.com\/?attachment_id=693\" class=\"wp-image-693\" srcset=\"https:\/\/escuadratarquitectura.com\/wp-content\/uploads\/2022\/01\/2-b-1024x337.jpg 1024w, https:\/\/escuadratarquitectura.com\/wp-content\/uploads\/2022\/01\/2-b-300x99.jpg 300w, https:\/\/escuadratarquitectura.com\/wp-content\/uploads\/2022\/01\/2-b-768x253.jpg 768w, https:\/\/escuadratarquitectura.com\/wp-content\/uploads\/2022\/01\/2-b-1536x506.jpg 1536w, https:\/\/escuadratarquitectura.com\/wp-content\/uploads\/2022\/01\/2-b-2048x674.jpg 2048w\" sizes=\"(max-width: 1024px) 100vw, 1024px\" \/><\/figure><\/li><li class=\"blocks-gallery-item\"><figure><img loading=\"lazy\" decoding=\"async\" width=\"1024\" height=\"389\" src=\"http:\/\/escuadratarquitectura.com\/wp-content\/uploads\/2022\/01\/3-3-1024x389.jpg\" alt=\"\" data-id=\"694\" data-full-url=\"http:\/\/escuadratarquitectura.com\/wp-content\/uploads\/2022\/01\/3-3-scaled.jpg\" data-link=\"http:\/\/escuadratarquitectura.com\/?attachment_id=694\" class=\"wp-image-694\" srcset=\"https:\/\/escuadratarquitectura.com\/wp-content\/uploads\/2022\/01\/3-3-1024x389.jpg 1024w, https:\/\/escuadratarquitectura.com\/wp-content\/uploads\/2022\/01\/3-3-300x114.jpg 300w, https:\/\/escuadratarquitectura.com\/wp-content\/uploads\/2022\/01\/3-3-768x292.jpg 768w, https:\/\/escuadratarquitectura.com\/wp-content\/uploads\/2022\/01\/3-3-1536x583.jpg 1536w, https:\/\/escuadratarquitectura.com\/wp-content\/uploads\/2022\/01\/3-3-2048x778.jpg 2048w\" sizes=\"(max-width: 1024px) 100vw, 1024px\" \/><\/figure><\/li><li class=\"blocks-gallery-item\"><figure><img loading=\"lazy\" decoding=\"async\" width=\"1024\" height=\"389\" src=\"http:\/\/escuadratarquitectura.com\/wp-content\/uploads\/2022\/01\/4-4-1024x389.jpg\" alt=\"\" data-id=\"695\" data-full-url=\"http:\/\/escuadratarquitectura.com\/wp-content\/uploads\/2022\/01\/4-4-scaled.jpg\" data-link=\"http:\/\/escuadratarquitectura.com\/?attachment_id=695\" class=\"wp-image-695\" srcset=\"https:\/\/escuadratarquitectura.com\/wp-content\/uploads\/2022\/01\/4-4-1024x389.jpg 1024w, https:\/\/escuadratarquitectura.com\/wp-content\/uploads\/2022\/01\/4-4-300x114.jpg 300w, https:\/\/escuadratarquitectura.com\/wp-content\/uploads\/2022\/01\/4-4-768x292.jpg 768w, https:\/\/escuadratarquitectura.com\/wp-content\/uploads\/2022\/01\/4-4-1536x583.jpg 1536w, https:\/\/escuadratarquitectura.com\/wp-content\/uploads\/2022\/01\/4-4-2048x778.jpg 2048w\" sizes=\"(max-width: 1024px) 100vw, 1024px\" \/><\/figure><\/li><li class=\"blocks-gallery-item\"><figure><img loading=\"lazy\" decoding=\"async\" width=\"1024\" height=\"269\" src=\"http:\/\/escuadratarquitectura.com\/wp-content\/uploads\/2022\/01\/5-b-1024x269.jpg\" alt=\"\" data-id=\"696\" data-full-url=\"http:\/\/escuadratarquitectura.com\/wp-content\/uploads\/2022\/01\/5-b-scaled.jpg\" data-link=\"http:\/\/escuadratarquitectura.com\/?attachment_id=696\" class=\"wp-image-696\" srcset=\"https:\/\/escuadratarquitectura.com\/wp-content\/uploads\/2022\/01\/5-b-1024x269.jpg 1024w, https:\/\/escuadratarquitectura.com\/wp-content\/uploads\/2022\/01\/5-b-300x79.jpg 300w, https:\/\/escuadratarquitectura.com\/wp-content\/uploads\/2022\/01\/5-b-768x202.jpg 768w, https:\/\/escuadratarquitectura.com\/wp-content\/uploads\/2022\/01\/5-b-1536x403.jpg 1536w, https:\/\/escuadratarquitectura.com\/wp-content\/uploads\/2022\/01\/5-b-2048x538.jpg 2048w\" sizes=\"(max-width: 1024px) 100vw, 1024px\" \/><\/figure><\/li><li class=\"blocks-gallery-item\"><figure><img loading=\"lazy\" decoding=\"async\" width=\"1024\" height=\"389\" src=\"http:\/\/escuadratarquitectura.com\/wp-content\/uploads\/2022\/01\/6-3-1024x389.jpg\" alt=\"\" data-id=\"697\" data-full-url=\"http:\/\/escuadratarquitectura.com\/wp-content\/uploads\/2022\/01\/6-3-scaled.jpg\" data-link=\"http:\/\/escuadratarquitectura.com\/?attachment_id=697\" class=\"wp-image-697\" srcset=\"https:\/\/escuadratarquitectura.com\/wp-content\/uploads\/2022\/01\/6-3-1024x389.jpg 1024w, https:\/\/escuadratarquitectura.com\/wp-content\/uploads\/2022\/01\/6-3-300x114.jpg 300w, https:\/\/escuadratarquitectura.com\/wp-content\/uploads\/2022\/01\/6-3-768x292.jpg 768w, https:\/\/escuadratarquitectura.com\/wp-content\/uploads\/2022\/01\/6-3-1536x583.jpg 1536w, https:\/\/escuadratarquitectura.com\/wp-content\/uploads\/2022\/01\/6-3-2048x778.jpg 2048w\" sizes=\"(max-width: 1024px) 100vw, 1024px\" \/><\/figure><\/li><li class=\"blocks-gallery-item\"><figure><img loading=\"lazy\" decoding=\"async\" width=\"1024\" height=\"389\" src=\"http:\/\/escuadratarquitectura.com\/wp-content\/uploads\/2022\/01\/7-1-1024x389.jpg\" alt=\"\" data-id=\"698\" data-full-url=\"http:\/\/escuadratarquitectura.com\/wp-content\/uploads\/2022\/01\/7-1-scaled.jpg\" data-link=\"http:\/\/escuadratarquitectura.com\/?attachment_id=698\" class=\"wp-image-698\" srcset=\"https:\/\/escuadratarquitectura.com\/wp-content\/uploads\/2022\/01\/7-1-1024x389.jpg 1024w, https:\/\/escuadratarquitectura.com\/wp-content\/uploads\/2022\/01\/7-1-300x114.jpg 300w, https:\/\/escuadratarquitectura.com\/wp-content\/uploads\/2022\/01\/7-1-768x292.jpg 768w, https:\/\/escuadratarquitectura.com\/wp-content\/uploads\/2022\/01\/7-1-1536x583.jpg 1536w, https:\/\/escuadratarquitectura.com\/wp-content\/uploads\/2022\/01\/7-1-2048x778.jpg 2048w\" sizes=\"(max-width: 1024px) 100vw, 1024px\" \/><\/figure><\/li><li class=\"blocks-gallery-item\"><figure><img loading=\"lazy\" decoding=\"async\" width=\"1024\" height=\"389\" src=\"http:\/\/escuadratarquitectura.com\/wp-content\/uploads\/2022\/01\/9-1-1024x389.jpg\" alt=\"\" data-id=\"699\" data-full-url=\"http:\/\/escuadratarquitectura.com\/wp-content\/uploads\/2022\/01\/9-1-scaled.jpg\" data-link=\"http:\/\/escuadratarquitectura.com\/?attachment_id=699\" class=\"wp-image-699\" srcset=\"https:\/\/escuadratarquitectura.com\/wp-content\/uploads\/2022\/01\/9-1-1024x389.jpg 1024w, https:\/\/escuadratarquitectura.com\/wp-content\/uploads\/2022\/01\/9-1-300x114.jpg 300w, https:\/\/escuadratarquitectura.com\/wp-content\/uploads\/2022\/01\/9-1-768x292.jpg 768w, https:\/\/escuadratarquitectura.com\/wp-content\/uploads\/2022\/01\/9-1-1536x583.jpg 1536w, https:\/\/escuadratarquitectura.com\/wp-content\/uploads\/2022\/01\/9-1-2048x778.jpg 2048w\" sizes=\"(max-width: 1024px) 100vw, 1024px\" \/><\/figure><\/li><\/ul><\/figure>\n","protected":false},"excerpt":{"rendered":"<p>Vivienda unifamiliar que se dise\u00f1a para construirse por etapas. En la primera etapa se realiza la cochera doble a la que se podr\u00e1 agregar un entrepiso para un eventual taller. Anexado a la cochera se construye una amplia galer\u00eda con ba\u00f1o completo para la pileta de fibra de vidrio que colocamos con el fin de &hellip;<\/p>\n<p class=\"read-more\"> <a class=\"\" href=\"https:\/\/escuadratarquitectura.com\/index.php\/2022\/01\/09\/35-vivienda-unifamiliar-280-m2-santa-susana-alvear\/\"> <span class=\"screen-reader-text\">35 &#8211; VIVIENDA UNIFAMILIAR 280 m2 \/ Santa Susana (Alvear)<\/span> Leer m\u00e1s &raquo;<\/a><\/p>\n","protected":false},"author":2,"featured_media":691,"comment_status":"open","ping_status":"open","sticky":false,"template":"","format":"standard","meta":{"footnotes":"","_joinchat":[]},"categories":[7],"tags":[],"_links":{"self":[{"href":"https:\/\/escuadratarquitectura.com\/index.php\/wp-json\/wp\/v2\/posts\/690"}],"collection":[{"href":"https:\/\/escuadratarquitectura.com\/index.php\/wp-json\/wp\/v2\/posts"}],"about":[{"href":"https:\/\/escuadratarquitectura.com\/index.php\/wp-json\/wp\/v2\/types\/post"}],"author":[{"embeddable":true,"href":"https:\/\/escuadratarquitectura.com\/index.php\/wp-json\/wp\/v2\/users\/2"}],"replies":[{"embeddable":true,"href":"https:\/\/escuadratarquitectura.com\/index.php\/wp-json\/wp\/v2\/comments?post=690"}],"version-history":[{"count":1,"href":"https:\/\/escuadratarquitectura.com\/index.php\/wp-json\/wp\/v2\/posts\/690\/revisions"}],"predecessor-version":[{"id":700,"href":"https:\/\/escuadratarquitectura.com\/index.php\/wp-json\/wp\/v2\/posts\/690\/revisions\/700"}],"wp:featuredmedia":[{"embeddable":true,"href":"https:\/\/escuadratarquitectura.com\/index.php\/wp-json\/wp\/v2\/media\/691"}],"wp:attachment":[{"href":"https:\/\/escuadratarquitectura.com\/index.php\/wp-json\/wp\/v2\/media?parent=690"}],"wp:term":[{"taxonomy":"category","embeddable":true,"href":"https:\/\/escuadratarquitectura.com\/index.php\/wp-json\/wp\/v2\/categories?post=690"},{"taxonomy":"post_tag","embeddable":true,"href":"https:\/\/escuadratarquitectura.com\/index.php\/wp-json\/wp\/v2\/tags?post=690"}],"curies":[{"name":"wp","href":"https:\/\/api.w.org\/{rel}","templated":true}]}}